[{"@context":"https:\/\/schema.org\/","@type":"Article","@id":"https:\/\/www.sniezik.sk\/prirodzenost-sa-nosi-a-tento-rok-to-plati-aj-pri-nechtoch\/#Article","mainEntityOfPage":"https:\/\/www.sniezik.sk\/prirodzenost-sa-nosi-a-tento-rok-to-plati-aj-pri-nechtoch\/","headline":"Prirodzenos\u0165 sa nos\u00ed a tento rok to plat\u00ed aj pri nechtoch","name":"Prirodzenos\u0165 sa nos\u00ed a tento rok to plat\u00ed aj pri nechtoch","description":"Na to, \u017ee ka\u017ed\u00fd rok je v\u00a0m\u00f3de nie\u010do in\u00e9, sme si tak nejako u\u017e zvykli. Vedeli ste v\u0161ak, \u017ee trendy existuj\u00fa aj v\u00a0oblasti manik\u00fary? Presne tak. Farba laku, d\u013a\u017eka nechtov, \u010di r\u00f4zne dekor\u00e1cie. Ka\u017ed\u00fd rok je IN nie\u010do in\u00e9. Ak teda patr\u00edte k\u00a0\u017een\u00e1m, ktor\u00e9 radi dr\u017eia krok s\u00a0m\u00f3dou, nezabudnite ani na svoje ruky. \u00a0 Tento","datePublished":"2018-12-21","dateModified":"2023-04-28","author":{"@type":"Person","@id":"https:\/\/www.sniezik.sk\/author\/#Person","name":"","url":"https:\/\/www.sniezik.sk\/author\/","identifier":1,"image":{"@type":"ImageObject","@id":"https:\/\/secure.gravatar.com\/avatar\/0379e0c919e89f337c2f51ff1404922f8441b43281fb91f3719df99f70b9888f?s=96&d=mm&r=g","url":"https:\/\/secure.gravatar.com\/avatar\/0379e0c919e89f337c2f51ff1404922f8441b43281fb91f3719df99f70b9888f?s=96&d=mm&r=g","height":96,"width":96}},"publisher":{"@type":"Organization","name":"sniezik.sk","logo":{"@type":"ImageObject","@id":"\/logo.png","url":"\/logo.png","width":600,"height":60}},"image":{"@type":"ImageObject","@id":"https:\/\/www.sniezik.sk\/wp-content\/uploads\/img_a297145_w16592_t1550772071.jpg","url":"https:\/\/www.sniezik.sk\/wp-content\/uploads\/img_a297145_w16592_t1550772071.jpg","height":0,"width":0},"url":"https:\/\/www.sniezik.sk\/prirodzenost-sa-nosi-a-tento-rok-to-plati-aj-pri-nechtoch\/","about":["Tovar"],"wordCount":391,"articleBody":"Na to, \u017ee ka\u017ed\u00fd rok je v\u00a0m\u00f3de nie\u010do in\u00e9, sme si tak nejako u\u017e zvykli. Vedeli ste v\u0161ak, \u017ee trendy existuj\u00fa aj v\u00a0oblasti manik\u00fary? Presne tak. Farba laku, d\u013a\u017eka nechtov, \u010di r\u00f4zne dekor\u00e1cie. Ka\u017ed\u00fd rok je IN nie\u010do in\u00e9. Ak teda patr\u00edte k\u00a0\u017een\u00e1m, ktor\u00e9 radi dr\u017eia krok s\u00a0m\u00f3dou, nezabudnite ani na svoje ruky.\u00a0Tento rok bude prirodzen\u00fd!\u00a0Ur\u010dite sa u\u017e klepete nedo\u010dkavos\u0165ou, \u010do bude v\u00a0kurze v\u00a0roku 2019. Tak to nena\u0165ahujme a\u00a0po\u010fme rovno na vec. Ak chcete osta\u0165 IN, tento rok siahnite po prirodzenosti. Ak nos\u00edte \u201esvoje vlastn\u00e9\u201c nechty, netr\u00e1pte sa prekombinovan\u00fdmi vzormi, trblietkami a\u00a0in\u00fdmi hl\u00fapos\u0165ami. Z\u00e1kladom je to, aby boli va\u0161e nechty, ich okolie a\u00a0aj cel\u00e9 dlane, pekne upraven\u00e9. Namiesto drahej manik\u00fary, teda rad\u0161ej zainvestujte do kvalitn\u00e9ho podkladov\u00e9ho laku, tonika na o\u0161etrovanie nechtovej ko\u017eky a\u00a0hydrata\u010dn\u00e9ho kr\u00e9mu na ruky.Pokia\u013e ste fan\u00fa\u0161i\u010dky g\u00e9lu a\u00a0svoje nechty si nech\u00e1vate takto dor\u00e1ba\u0165, nepreh\u00e1\u0148ajte to s\u00a0d\u013a\u017ekou. T\u00e1 by mala by\u0165 taktie\u017e decentn\u00e1. Tvar by mal pripom\u00edna\u0165 \u201e\u017eiv\u00e9\u201c nechty. \u0160picat\u00e9, alebo hranat\u00e9 tvary tento rok odlo\u017ete do skrine. Tento rok je dokonca ide\u00e1lnou pr\u00edle\u017eitos\u0165ou na to, aby ste dali svojim nechtom pauzu a\u00a0na ich dor\u00e1banie na chv\u00ed\u013eku zabudli.\u00a0\u00a0Tlmen\u00fdmi farbami ni\u010d nepokaz\u00edte \u00a0Teraz sa ur\u010dite p\u00fdtate, ak\u00fd lak na nechty vytiahnu\u0165 zo \u0161upl\u00edka. Ke\u010f\u017ee hovor\u00edme o\u00a0prirodzenom v\u00fdzore nechtov, v\u00a0kurze bud\u00fa najm\u00e4 zemit\u00e9, tlmen\u00e9, popr\u00edpade jemne pastelov\u00e9 odtiene. B\u00e9\u017eovou, sivou, kr\u00e9movo &#8211; hnedou, olivovo &#8211; zelenou, alebo pieskovo &#8211; \u017eltou ni\u010d nepokaz\u00edte. Rovnako tak m\u00f4\u017eete svoje nechty zahali\u0165 do jemn\u00fdch odtie\u0148ov ru\u017eovej, \u010di fialovej farby, alebo osta\u0165 pri transparentnom laku.\u00a0S\u00a0ozdobami opatrne \u00a0Ak si neviete svoju manik\u00faru predstavi\u0165 bez nejak\u00fdch t\u00fdch ozd\u00f4bok, zvo\u013ete si tak\u00e9, ktor\u00e9 nebud\u00fa celkov\u00fd dizajn va\u0161ich nechtov nar\u00fa\u0161a\u0165. Re\u010d je napr\u00edklad o\u00a0strieborn\u00fdch p\u00e1sikoch r\u00f4znej hr\u00fabky. Nemusia sa nach\u00e1dza\u0165 na v\u0161etk\u00fdch prstoch, ale iba na dvoch, \u010di pokojne na jednom. Na v\u00fdrazn\u00e9 trblietav\u00e9 kamienky rad\u0161ej zabudnite.                                                                                                                                                                                                                                                                                                                                                                                        4.4\/5 - (9 votes)        "},{"@context":"https:\/\/schema.org\/","@type":"BreadcrumbList","itemListElement":[{"@type":"ListItem","position":1,"name":"Prirodzenos\u0165 sa nos\u00ed a tento rok to plat\u00ed aj pri nechtoch","item":"https:\/\/www.sniezik.sk\/prirodzenost-sa-nosi-a-tento-rok-to-plati-aj-pri-nechtoch\/#breadcrumbitem"}]}]