[{"@context":"https:\/\/schema.org\/","@type":"Article","@id":"https:\/\/www.sniezik.sk\/potrebujete-vyuzit-a-hlasit-sa-o-svoje-prava\/#Article","mainEntityOfPage":"https:\/\/www.sniezik.sk\/potrebujete-vyuzit-a-hlasit-sa-o-svoje-prava\/","headline":"Potrebujete vyu\u017ei\u0165 a hl\u00e1si\u0165 sa o svoje pr\u00e1va?","name":"Potrebujete vyu\u017ei\u0165 a hl\u00e1si\u0165 sa o svoje pr\u00e1va?","description":"Od toho, aby veci v skuto\u010dnosti fungovali tak, ako maj\u00fa, je potrebn\u00e9 ma\u0165 v spolo\u010dnosti nastaven\u00fd syst\u00e9m. Ale ani ten najpremyslenej\u0161\u00ed s\u00e1m o sebe nikdy nezaru\u010d\u00ed, \u017ee sa nestaneme obe\u0165ou konfliktu, nedorozumenia alebo probl\u00e9mu, za ktor\u00fd je zodpovedn\u00fd niekto z n\u00e1s, respekt\u00edve osoba, ktor\u00e1 n\u00e1m vedome alebo nevedome po\u0161kodila. A pr\u00e1ve preto s\u00fa tu pr\u00e1vne","datePublished":"2020-05-10","dateModified":"2023-09-22","author":{"@type":"Person","@id":"https:\/\/www.sniezik.sk\/author\/#Person","name":"","url":"https:\/\/www.sniezik.sk\/author\/","identifier":1,"image":{"@type":"ImageObject","@id":"https:\/\/secure.gravatar.com\/avatar\/0379e0c919e89f337c2f51ff1404922f8441b43281fb91f3719df99f70b9888f?s=96&d=mm&r=g","url":"https:\/\/secure.gravatar.com\/avatar\/0379e0c919e89f337c2f51ff1404922f8441b43281fb91f3719df99f70b9888f?s=96&d=mm&r=g","height":96,"width":96}},"publisher":{"@type":"Organization","name":"sniezik.sk","logo":{"@type":"ImageObject","@id":"\/logo.png","url":"\/logo.png","width":600,"height":60}},"image":{"@type":"ImageObject","@id":"https:\/\/www.sniezik.sk\/wp-content\/uploads\/podpis%20zmluvy.jpeg","url":"https:\/\/www.sniezik.sk\/wp-content\/uploads\/podpis%20zmluvy.jpeg","height":0,"width":0},"url":"https:\/\/www.sniezik.sk\/potrebujete-vyuzit-a-hlasit-sa-o-svoje-prava\/","about":["Business"],"wordCount":386,"articleBody":"          Od toho, aby veci v skuto\u010dnosti fungovali tak, ako maj\u00fa, je potrebn\u00e9 ma\u0165 v spolo\u010dnosti nastaven\u00fd syst\u00e9m. Ale ani ten najpremyslenej\u0161\u00ed s\u00e1m o sebe nikdy nezaru\u010d\u00ed, \u017ee sa nestaneme obe\u0165ou konfliktu, nedorozumenia alebo probl\u00e9mu, za ktor\u00fd je zodpovedn\u00fd niekto z n\u00e1s, respekt\u00edve osoba, ktor\u00e1 n\u00e1m vedome alebo nevedome po\u0161kodila. A pr\u00e1ve preto s\u00fa tu pr\u00e1vne slu\u017eby bratislava, \u010do n\u00e1m pom\u00f4\u017eu nastoli\u0165 spravodlivos\u0165 t\u00fdm, \u017ee vyu\u017eijeme svoje pr\u00e1va. A t\u00fdmi disponuje prakticky ka\u017ed\u00fd z n\u00e1s.Svet, v ktorom by sme spolo\u010dne budovali bezchybn\u00fd svet a dr\u017eali sa pri tom za ruky, ten bohu\u017eia\u013e nie je ni\u010d in\u00e9, ne\u017e utopia. Ve\u013emi dobre znej\u00faci, ale len utopick\u00fd ide\u00e1l. A preto je aj na\u010falej potrebn\u00e9 r\u00e1ta\u0165 s t\u00fdm, \u017ee sa niekedy m\u00f4\u017eeme sta\u0165 obe\u0165ou ne\u010destn\u00e9ho jednania, po\u0161kodenia svojho mena alebo situ\u00e1cie, v ktorej sa dostaneme do probl\u00e9mu chybou in\u00fdch. Ale vtedy samozrejme m\u00e1me pr\u00e1vo br\u00e1ni\u0165 sa.V demokracii to nie je pr\u00e1vo br\u00e1ni\u0165 sa p\u00e4s\u0165ami, ale pr\u00e1vnym poriadkom a jeho z\u00e1sadami.A existuje X modelov\u00fdch situ\u00e1cii, v ktor\u00fdch sa to d\u00e1 vyu\u017ei\u0165. To \u017eia\u013e znamen\u00e1 aj X mo\u017en\u00fdch situ\u00e1cii, ktor\u00e9 si m\u00f4\u017eu \u017eiada\u0165 s\u00fadny spor. Pokia\u013e ste ale presved\u010den\u00ed, \u017ee pr\u00e1vo stoj\u00ed na va\u0161ej strane, tak potom smelo do toho. Dok\u00e1\u017ee \u00eds\u0165 o modelov\u00e9 situ\u00e1cie spojen\u00e9 napr\u00edklad s obchodn\u00fdm pr\u00e1vom a rie\u0161enie postupov \u010di naopak mnoh\u00fdch nejasnost\u00ed t\u00fdkaj\u00facich sa obchodnej spolo\u010dnosti. V dne\u0161nej dobe sa takisto pomerne \u010dasto stret\u00e1vame s faktorom, ak\u00fdm s\u00fa nehnute\u013enosti \u010do je t\u00e9ma, ktor\u00e1 si tie\u017e v nejednom pr\u00edpade \u017eiada pr\u00e1vny z\u00e1sah. Samozrejme netreba zab\u00fada\u0165 na z\u00e1kladn\u00e9 ob\u010dianske pr\u00e1va a hl\u00e1si\u0165 sa o ne v pr\u00edpade, ak sa z X d\u00f4vodov c\u00edtime po\u0161koden\u00ed. Rovnako existuje pracovn\u00e9 pr\u00e1vo a jeho z\u00e1sady, ktor\u00e9 by nemali by\u0165 z jednej alebo druhej strany po\u0161koden\u00e9 a \u010fal\u0161ie pr\u00edpady, kedy je na mieste zast\u00e1va\u0165 spravodlivos\u0165 pr\u00e1vnym poriadkom.                                                                                                                                                                                                                                                                                                                                                                                          4.6\/5 - (12 votes)        "},{"@context":"https:\/\/schema.org\/","@type":"BreadcrumbList","itemListElement":[{"@type":"ListItem","position":1,"name":"Potrebujete vyu\u017ei\u0165 a hl\u00e1si\u0165 sa o svoje pr\u00e1va?","item":"https:\/\/www.sniezik.sk\/potrebujete-vyuzit-a-hlasit-sa-o-svoje-prava\/#breadcrumbitem"}]}]